{"id":8702,"date":"2025-11-09T13:14:10","date_gmt":"2025-11-09T13:14:10","guid":{"rendered":"https:\/\/cpisanjorge.catedu.es\/?p=8702"},"modified":"2025-11-09T13:14:10","modified_gmt":"2025-11-09T13:14:10","slug":"feria-del-libro-en-ingles-book-fair-2025","status":"publish","type":"post","link":"https:\/\/cpisanjorge.catedu.es\/?p=8702","title":{"rendered":"FERIA DEL LIBRO EN INGL\u00c9S. BOOK FAIR 2025"},"content":{"rendered":"\n<p>\u00a1Un a\u00f1o m\u00e1s vuelve a nuestro colegio la esperada&nbsp;<em>Feria del Libro en Ingl\u00e9s<\/em>&nbsp;(Book Fair), de la mano de NetEdu!<br \/>Una fant\u00e1stica oportunidad para acercar a nuestros alumnos al placer de la lectura en ingl\u00e9s.<\/p>\n\n\n\n<p><img decoding=\"async\" alt=\"\ud83d\uddd3\" src=\"https:\/\/fonts.gstatic.com\/s\/e\/notoemoji\/16.0\/1f5d3\/32.png\"\/>&nbsp;17 y 18 de noviembre<br \/><img decoding=\"async\" alt=\"\u23f0\" src=\"https:\/\/fonts.gstatic.com\/s\/e\/notoemoji\/16.0\/23f0\/32.png\"\/>&nbsp;De 14:00 a 17:00 h<br \/><img decoding=\"async\" alt=\"\ud83d\udccd\" src=\"https:\/\/fonts.gstatic.com\/s\/e\/notoemoji\/16.0\/1f4cd\/32.png\"\/>&nbsp;Sala Multiusos del Edificio de Primaria del CPI<\/p>\n\n\n\n<p>Adem\u00e1s, durante la feria se realizar\u00e1 un&nbsp;<img decoding=\"async\" alt=\"\ud83d\udcda\" src=\"https:\/\/fonts.gstatic.com\/s\/e\/notoemoji\/16.0\/1f4da\/32.png\"\/><img decoding=\"async\" alt=\"\u2728\" src=\"https:\/\/fonts.gstatic.com\/s\/e\/notoemoji\/16.0\/2728\/32.png\"\/>&nbsp;Cuentacuentos en familia, donde los m\u00e1s peque\u00f1os podr\u00e1n disfrutar de una experiencia m\u00e1gica compartida.&nbsp;<\/p>\n\n\n\n<p>Os invitamos a visitar la feria, descubrir libros para todas las edades y vivir juntos un momento especial en torno a la lectura.<\/p>\n\n\n\n<p>Encontrar\u00e9is todos los detalles en el cartel informativo.<\/p>\n\n\n\n<p>\u00a1Gracias por vuestra participaci\u00f3n y entusiasmo!<\/p>\n\n\n\n<div class=\"wp-block-columns is-layout-flex wp-container-core-columns-is-layout-9d6595d7 wp-block-columns-is-layout-flex\">\n<div class=\"wp-block-column is-layout-flow wp-block-column-is-layout-flow\">\n<figure class=\"wp-block-image size-large\"><a href=\"https:\/\/cpisanjorge.catedu.es\/wp-content\/uploads\/sites\/169\/2025\/11\/Imagen-informativa-familias-SAN-JORGE-25-26.png\"><img loading=\"lazy\" decoding=\"async\" width=\"819\" height=\"1024\" src=\"https:\/\/cpisanjorge.catedu.es\/wp-content\/uploads\/sites\/169\/2025\/11\/Imagen-informativa-familias-SAN-JORGE-25-26-819x1024.png\" alt=\"\" class=\"wp-image-8703\" srcset=\"https:\/\/cpisanjorge.catedu.es\/wp-content\/uploads\/sites\/169\/2025\/11\/Imagen-informativa-familias-SAN-JORGE-25-26-819x1024.png 819w, https:\/\/cpisanjorge.catedu.es\/wp-content\/uploads\/sites\/169\/2025\/11\/Imagen-informativa-familias-SAN-JORGE-25-26-240x300.png 240w, https:\/\/cpisanjorge.catedu.es\/wp-content\/uploads\/sites\/169\/2025\/11\/Imagen-informativa-familias-SAN-JORGE-25-26-768x960.png 768w, https:\/\/cpisanjorge.catedu.es\/wp-content\/uploads\/sites\/169\/2025\/11\/Imagen-informativa-familias-SAN-JORGE-25-26-120x150.png 120w, https:\/\/cpisanjorge.catedu.es\/wp-content\/uploads\/sites\/169\/2025\/11\/Imagen-informativa-familias-SAN-JORGE-25-26.png 1080w\" sizes=\"auto, (max-width: 819px) 100vw, 819px\" \/><\/a><\/figure>\n<\/div>\n\n\n\n<div class=\"wp-block-column is-layout-flow wp-block-column-is-layout-flow\">\n<figure class=\"wp-block-image size-large\"><a href=\"https:\/\/cpisanjorge.catedu.es\/wp-content\/uploads\/sites\/169\/2025\/11\/Cartel-publicitario-SAN-JORGE-25-26_page-0001.jpg\"><img loading=\"lazy\" decoding=\"async\" width=\"724\" height=\"1024\" src=\"https:\/\/cpisanjorge.catedu.es\/wp-content\/uploads\/sites\/169\/2025\/11\/Cartel-publicitario-SAN-JORGE-25-26_page-0001-724x1024.jpg\" alt=\"\" class=\"wp-image-8704\" srcset=\"https:\/\/cpisanjorge.catedu.es\/wp-content\/uploads\/sites\/169\/2025\/11\/Cartel-publicitario-SAN-JORGE-25-26_page-0001-724x1024.jpg 724w, https:\/\/cpisanjorge.catedu.es\/wp-content\/uploads\/sites\/169\/2025\/11\/Cartel-publicitario-SAN-JORGE-25-26_page-0001-212x300.jpg 212w, https:\/\/cpisanjorge.catedu.es\/wp-content\/uploads\/sites\/169\/2025\/11\/Cartel-publicitario-SAN-JORGE-25-26_page-0001-768x1086.jpg 768w, https:\/\/cpisanjorge.catedu.es\/wp-content\/uploads\/sites\/169\/2025\/11\/Cartel-publicitario-SAN-JORGE-25-26_page-0001-1086x1536.jpg 1086w, https:\/\/cpisanjorge.catedu.es\/wp-content\/uploads\/sites\/169\/2025\/11\/Cartel-publicitario-SAN-JORGE-25-26_page-0001-106x150.jpg 106w, https:\/\/cpisanjorge.catedu.es\/wp-content\/uploads\/sites\/169\/2025\/11\/Cartel-publicitario-SAN-JORGE-25-26_page-0001.jpg 1241w\" sizes=\"auto, (max-width: 724px) 100vw, 724px\" \/><\/a><\/figure>\n<\/div>\n<\/div>\n","protected":false},"excerpt":{"rendered":"<p>\u00a1Un a\u00f1o m\u00e1s vuelve a nuestro colegio la esperada&nbsp;Feria del Libro en Ingl\u00e9s&nbsp;(Book Fair), de la mano de NetEdu!Una fant\u00e1stica oportunidad para acercar a nuestros alumnos al placer de la lectura en ingl\u00e9s. &nbsp;17 y 18 de noviembre&nbsp;De 14:00 a 17:00 h&nbsp;Sala Multiusos del Edificio de Primaria del CPI Adem\u00e1s, &#8230;<\/p>\n<p> <a class=\"continue-reading-link\" href=\"https:\/\/cpisanjorge.catedu.es\/?p=8702\"><span>Continue reading<\/span><i class=\"crycon-right-dir\"><\/i><\/a> <\/p>\n","protected":false},"author":580,"featured_media":0,"comment_status":"closed","ping_status":"open","sticky":false,"template":"","format":"standard","meta":{"_uag_custom_page_level_css":"","_monsterinsights_skip_tracking":false,"_monsterinsights_sitenote_active":false,"_monsterinsights_sitenote_note":"","_monsterinsights_sitenote_category":0,"footnotes":""},"categories":[1],"tags":[],"class_list":["post-8702","post","type-post","status-publish","format-standard","hentry","category-sin-categoria"],"uagb_featured_image_src":{"full":false,"thumbnail":false,"medium":false,"medium_large":false,"large":false,"1536x1536":false,"2048x2048":false,"post-thumbnail":false,"header":false,"slider":false,"columns":false,"custom":false},"uagb_author_info":{"display_name":"CPI SAN JORGE ZARAGOZA","author_link":"https:\/\/cpisanjorge.catedu.es\/?author=580"},"uagb_comment_info":0,"uagb_excerpt":"\u00a1Un a\u00f1o m\u00e1s vuelve a nuestro colegio la esperada&nbsp;Feria del Libro en Ingl\u00e9s&nbsp;(Book Fair), de la mano de NetEdu!Una fant\u00e1stica oportunidad para acercar a nuestros alumnos al placer de la lectura en ingl\u00e9s. &nbsp;17 y 18 de noviembre&nbsp;De 14:00 a 17:00 h&nbsp;Sala Multiusos del Edificio de Primaria del CPI Adem\u00e1s, ... Continue reading","_links":{"self":[{"href":"https:\/\/cpisanjorge.catedu.es\/index.php?rest_route=\/wp\/v2\/posts\/8702","targetHints":{"allow":["GET"]}}],"collection":[{"href":"https:\/\/cpisanjorge.catedu.es\/index.php?rest_route=\/wp\/v2\/posts"}],"about":[{"href":"https:\/\/cpisanjorge.catedu.es\/index.php?rest_route=\/wp\/v2\/types\/post"}],"author":[{"embeddable":true,"href":"https:\/\/cpisanjorge.catedu.es\/index.php?rest_route=\/wp\/v2\/users\/580"}],"replies":[{"embeddable":true,"href":"https:\/\/cpisanjorge.catedu.es\/index.php?rest_route=%2Fwp%2Fv2%2Fcomments&post=8702"}],"version-history":[{"count":1,"href":"https:\/\/cpisanjorge.catedu.es\/index.php?rest_route=\/wp\/v2\/posts\/8702\/revisions"}],"predecessor-version":[{"id":8705,"href":"https:\/\/cpisanjorge.catedu.es\/index.php?rest_route=\/wp\/v2\/posts\/8702\/revisions\/8705"}],"wp:attachment":[{"href":"https:\/\/cpisanjorge.catedu.es\/index.php?rest_route=%2Fwp%2Fv2%2Fmedia&parent=8702"}],"wp:term":[{"taxonomy":"category","embeddable":true,"href":"https:\/\/cpisanjorge.catedu.es\/index.php?rest_route=%2Fwp%2Fv2%2Fcategories&post=8702"},{"taxonomy":"post_tag","embeddable":true,"href":"https:\/\/cpisanjorge.catedu.es\/index.php?rest_route=%2Fwp%2Fv2%2Ftags&post=8702"}],"curies":[{"name":"wp","href":"https:\/\/api.w.org\/{rel}","templated":true}]}}