{"id":8252,"date":"2025-03-03T19:07:01","date_gmt":"2025-03-03T19:07:01","guid":{"rendered":"https:\/\/cpisanjorge.catedu.es\/?p=8252"},"modified":"2025-03-03T19:07:01","modified_gmt":"2025-03-03T19:07:01","slug":"programa-fse-aragon-2021-2027-actuacion-7-f-01-atencion-e-integracion-del-alumnado-con-trastorno-del-espectro-autista-tea-en-aragon","status":"publish","type":"post","link":"https:\/\/cpisanjorge.catedu.es\/?p=8252","title":{"rendered":"PROGRAMA FSE+ ARAG\u00d3N 2021-2027 -Actuaci\u00f3n 7.f.01 \u201cAtenci\u00f3n e integraci\u00f3n del alumnado con Trastorno del Espectro Autista (TEA) en Arag\u00f3n\u201d"},"content":{"rendered":"\n<p>Os comunicamos la selecci\u00f3n y participaci\u00f3n del CPI San Jorge en la actuaci\u00f3n 7.f.01 \u201cAtenci\u00f3n en integraci\u00f3n del alumnado con Trastorno del Espectro Autista (TEA) en Arag\u00f3n\u201d encuadrada dentro del programa Fondo Social Europeo Plus (FSE+) Arag\u00f3n 2021-2027.<br \/>El Fondo Social Europeo Plus (FSE+) es el principal instrumento de la Uni\u00f3n Europea destinado a invertir en las personas y respaldar la aplicaci\u00f3n del pilar europeo de derechos sociales.<br \/>El FSE+ tiene como finalidad:<\/p>\n\n\n\n<ul class=\"wp-block-list\">\n<li>Apoyar las pol\u00edticas de los Estados miembros y regiones dirigidas a lograr<br \/>elevados niveles de empleo,<\/li>\n\n\n\n<li>Una protecci\u00f3n social justa,<\/li>\n\n\n\n<li>Una mano de obra capacitada y resiliente preparada para el mercado laboral del<br \/>futuro, as\u00ed como<\/li>\n\n\n\n<li>Una sociedad inclusiva y cohesionada.<br \/><\/li>\n<\/ul>\n\n\n\n<p>El FSE+ contribuir\u00e1 al objetivo pol\u00edtico de una Europa m\u00e1s social e integradora, apoyando las pol\u00edticas de empleo y movilidad laboral, educaci\u00f3n e inclusi\u00f3n social y ayudando a la erradicaci\u00f3n de la pobreza.<br \/>El objetivo que se pretende con esta actuaci\u00f3n es el de lograr que el alumnado en el espectro del autismo mejore sus habilidades. Para ello, el FSE+ va a cofinanciar, junto con el Gobierno de Arag\u00f3n, al profesorado que atiende las aulas TEA de los centros educativos p\u00fablicos de atenci\u00f3n educativa preferente, ya que es a trav\u00e9s de su intervenci\u00f3n, cuando se consigue incidir m\u00e1s positivamente en el alumnado.<br \/>Adem\u00e1s, el FSE+ se ha propuesto atender a m\u00e1s de 2.462 alumnos y alumnas de aulas TEA desde el inicio de la actuaci\u00f3n (a\u00f1o 2024) hasta el final (a\u00f1o 2029). Para la recopilaci\u00f3n de los datos que sobre el alumnado sean necesarios, se utilizar\u00e1 \u00fanicamente el n\u00famero GIR para su identificaci\u00f3n con lo que se guardar\u00e1, en todo momento, la privacidad de los datos personales.<\/p>\n\n\n\n<p><br \/><\/p>\n\n\n\n<figure class=\"wp-block-image size-large\"><a href=\"https:\/\/cpisanjorge.catedu.es\/wp-content\/uploads\/sites\/169\/2025\/03\/CARTEL-TEA-FSE_page-0001.jpg\"><img loading=\"lazy\" decoding=\"async\" width=\"1024\" height=\"724\" src=\"https:\/\/cpisanjorge.catedu.es\/wp-content\/uploads\/sites\/169\/2025\/03\/CARTEL-TEA-FSE_page-0001-1024x724.jpg\" alt=\"\" class=\"wp-image-8251\" srcset=\"https:\/\/cpisanjorge.catedu.es\/wp-content\/uploads\/sites\/169\/2025\/03\/CARTEL-TEA-FSE_page-0001-1024x724.jpg 1024w, https:\/\/cpisanjorge.catedu.es\/wp-content\/uploads\/sites\/169\/2025\/03\/CARTEL-TEA-FSE_page-0001-300x212.jpg 300w, https:\/\/cpisanjorge.catedu.es\/wp-content\/uploads\/sites\/169\/2025\/03\/CARTEL-TEA-FSE_page-0001-768x543.jpg 768w, https:\/\/cpisanjorge.catedu.es\/wp-content\/uploads\/sites\/169\/2025\/03\/CARTEL-TEA-FSE_page-0001-1536x1085.jpg 1536w, https:\/\/cpisanjorge.catedu.es\/wp-content\/uploads\/sites\/169\/2025\/03\/CARTEL-TEA-FSE_page-0001-150x106.jpg 150w, https:\/\/cpisanjorge.catedu.es\/wp-content\/uploads\/sites\/169\/2025\/03\/CARTEL-TEA-FSE_page-0001.jpg 1755w\" sizes=\"auto, (max-width: 1024px) 100vw, 1024px\" \/><\/a><\/figure>\n","protected":false},"excerpt":{"rendered":"<p>Os comunicamos la selecci\u00f3n y participaci\u00f3n del CPI San Jorge en la actuaci\u00f3n 7.f.01 \u201cAtenci\u00f3n en integraci\u00f3n del alumnado con Trastorno del Espectro Autista (TEA) en Arag\u00f3n\u201d encuadrada dentro del programa Fondo Social Europeo Plus (FSE+) Arag\u00f3n 2021-2027.El Fondo Social Europeo Plus (FSE+) es el principal instrumento de la Uni\u00f3n &#8230;<\/p>\n<p> <a class=\"continue-reading-link\" href=\"https:\/\/cpisanjorge.catedu.es\/?p=8252\"><span>Continue reading<\/span><i class=\"crycon-right-dir\"><\/i><\/a> <\/p>\n","protected":false},"author":580,"featured_media":0,"comment_status":"closed","ping_status":"open","sticky":false,"template":"","format":"standard","meta":{"_monsterinsights_skip_tracking":false,"_monsterinsights_sitenote_active":false,"_monsterinsights_sitenote_note":"","_monsterinsights_sitenote_category":0,"footnotes":""},"categories":[1],"tags":[],"class_list":["post-8252","post","type-post","status-publish","format-standard","hentry","category-sin-categoria"],"_links":{"self":[{"href":"https:\/\/cpisanjorge.catedu.es\/index.php?rest_route=\/wp\/v2\/posts\/8252","targetHints":{"allow":["GET"]}}],"collection":[{"href":"https:\/\/cpisanjorge.catedu.es\/index.php?rest_route=\/wp\/v2\/posts"}],"about":[{"href":"https:\/\/cpisanjorge.catedu.es\/index.php?rest_route=\/wp\/v2\/types\/post"}],"author":[{"embeddable":true,"href":"https:\/\/cpisanjorge.catedu.es\/index.php?rest_route=\/wp\/v2\/users\/580"}],"replies":[{"embeddable":true,"href":"https:\/\/cpisanjorge.catedu.es\/index.php?rest_route=%2Fwp%2Fv2%2Fcomments&post=8252"}],"version-history":[{"count":1,"href":"https:\/\/cpisanjorge.catedu.es\/index.php?rest_route=\/wp\/v2\/posts\/8252\/revisions"}],"predecessor-version":[{"id":8253,"href":"https:\/\/cpisanjorge.catedu.es\/index.php?rest_route=\/wp\/v2\/posts\/8252\/revisions\/8253"}],"wp:attachment":[{"href":"https:\/\/cpisanjorge.catedu.es\/index.php?rest_route=%2Fwp%2Fv2%2Fmedia&parent=8252"}],"wp:term":[{"taxonomy":"category","embeddable":true,"href":"https:\/\/cpisanjorge.catedu.es\/index.php?rest_route=%2Fwp%2Fv2%2Fcategories&post=8252"},{"taxonomy":"post_tag","embeddable":true,"href":"https:\/\/cpisanjorge.catedu.es\/index.php?rest_route=%2Fwp%2Fv2%2Ftags&post=8252"}],"curies":[{"name":"wp","href":"https:\/\/api.w.org\/{rel}","templated":true}]}}