{"id":5547,"date":"2022-06-28T08:26:44","date_gmt":"2022-06-28T08:26:44","guid":{"rendered":"https:\/\/cpisanjorge.catedu.es\/?p=5547"},"modified":"2022-08-25T19:45:58","modified_gmt":"2022-08-25T19:45:58","slug":"adjudicacion-de-vacantes-a-la-lista-de-no-admitidos-28-junio-a-las-18h-y-matricula","status":"publish","type":"post","link":"https:\/\/cpisanjorge.catedu.es\/?p=5547","title":{"rendered":"Adjudicaci\u00f3n de vacantes a la lista de no admitidos 28 junio a las 18h y matr\u00edcula."},"content":{"rendered":"\n<p><strong><br \/>Vacantes adjudicadas por los Servicios Provinciales a&nbsp;los integrantes de las listas definitivas de no admitidos de los propios centros educativos<\/strong><\/p>\n\n\n\n<p><strong>Fecha de publicaci\u00f3n:<\/strong>&nbsp;Martes 28 de junio de 2022, a partir de las 18 h.<\/p>\n\n\n\n<p><a href=\"https:\/\/aplicaciones.aragon.es\/pcrcs\/conexion\" target=\"_blank\" rel=\"noreferrer noopener\"><em><strong>Listas de adjudicaciones<\/strong><\/em><\/a><\/p>\n\n\n\n<p>En el siguiente v\u00eddeo se muestra c\u00f3mo realizar su consulta telem\u00e1ticamente:<\/p>\n\n\n\n<p><a rel=\"noreferrer noopener\" href=\"https:\/\/youtu.be\/kSk-dsFD9iM\" target=\"_blank\"><em><strong>V\u00eddeo consulta y seguimiento de solicitudes<\/strong><\/em><\/a> &nbsp;<\/p>\n\n\n\n<p><strong>En caso de ser admitido<\/strong>, debe formalizar la&nbsp;<strong>matr\u00edcula<\/strong>&nbsp;a trav\u00e9s del portal del Departamento de Educaci\u00f3n, dentro del&nbsp;siguiente plazo: <strong>desde las 9 h.&nbsp;del mi\u00e9rcoles 29 hasta las 14 h. del jueves 30 de junio.<\/strong><\/p>\n\n\n\n<p>En caso de ser admitido, debe formalizar la matr\u00edcula a trav\u00e9s de este portal en las siguientes fechas: desde las 9 horas del mi\u00e9rcoles 29 de junio hasta las 14 horas del jueves 30 de junio.<\/p>\n\n\n\n<p><br \/><a href=\"https:\/\/aplicaciones.aragon.es\/pcrcs\/conexion\" target=\"_blank\" rel=\"noreferrer noopener\"><em><strong>Realizar Matr\u00edcula<\/strong><\/em><\/a><\/p>\n\n\n\n<p><br \/><a href=\"https:\/\/educa.aragon.es\/documents\/20126\/2226755\/2022-06-27.+Manual+de+Uso+de+Matr%C3%ADcula+Online_v2.0.11.pdf\/b2df4611-90fd-2217-bc29-1b28833796ce?t=1656359802080\" target=\"_blank\" rel=\"noreferrer noopener\"><em><strong>Manual matr\u00edcula telem\u00e1tica<\/strong><\/em><\/a><\/p>\n\n\n\n<p> Si no ha cumplido con el mencionado tr\u00e1mite en el plazo correspondiente, decaer\u00e1 su derecho a la plaza obtenida. &nbsp;<\/p>\n\n\n\n<p>Aquellos solicitantes que ya se encuentren matriculados en un centro sostenido con fondos p\u00fablicos de Arag\u00f3n y obtengan una nueva plaza en este proceso de adjudicaci\u00f3n, si formalizan la nueva matr\u00edcula perder\u00e1n el derecho a la anterior.&nbsp;<br \/>&nbsp;<a href=\"http:\/\/www.linkedin.com\/shareArticle?&amp;title=Publicaci%C3%B3n+de+vacantes+de+Educaci%C3%B3n+Infantil+y+Primaria+para+su+adjudicaci%C3%B3n+entre+los+componentes+de+las+listas+definitivas+de+no+admitidos+de+los+respectivos+centros%2C+publicaci%C3%B3n+de+las+adjudicaciones+realizadas+por+los+Servicios+Provinciales+y+matr%C3%ADcula+de+los+adjudicatarios&amp;mini=true&amp;url=https:\/\/educa.aragon.es\/detalle-de-noticia-sistema-educativo\/-\/asset_publisher\/2teAoT0safG1\/content\/publicaci%25C3%25B3n-de-vacantes-de-educaci%25C3%25B3n-infantil-y-primaria-para-su-adjudicaci%25C3%25B3n-entre-los-componentes-de-las-listas-definitivas-de-no-admitidos-de-los-respectivos-centros-publicaci%25C3%25B3n-de-las-adjudicaciones-realizadas-por-los-servicios-pro&amp;summary=\"><\/a><\/p>\n\n\n\n<p><a href=\"https:\/\/twitter.com\/intent\/tweet?text=Publicaci%C3%B3n+de+vacantes+de+Educaci%C3%B3n+Infantil+y+Primaria+para+su+adjudicaci%C3%B3n+entre+los+componentes+de+las+listas+definitivas+de+no+admitidos+de+los+respectivos+centros%2C+publicaci%C3%B3n+de+las+adjudicaciones+realizadas+por+los+Servicios+Provinciales+y+matr%C3%ADcula+de+los+adjudicatarios&amp;tw_p=tweetbutton&amp;url=https:\/\/educa.aragon.es\/detalle-de-noticia-sistema-educativo\/-\/asset_publisher\/2teAoT0safG1\/content\/publicaci%25C3%25B3n-de-vacantes-de-educaci%25C3%25B3n-infantil-y-primaria-para-su-adjudicaci%25C3%25B3n-entre-los-componentes-de-las-listas-definitivas-de-no-admitidos-de-los-respectivos-centros-publicaci%25C3%25B3n-de-las-adjudicaciones-realizadas-por-los-servicios-pro\"><\/a><\/p>\n\n\n\n<p><a href=\"http:\/\/www.facebook.com\/sharer.php?u=https:\/\/educa.aragon.es\/detalle-de-noticia-sistema-educativo\/-\/asset_publisher\/2teAoT0safG1\/content\/publicaci%25C3%25B3n-de-vacantes-de-educaci%25C3%25B3n-infantil-y-primaria-para-su-adjudicaci%25C3%25B3n-entre-los-componentes-de-las-listas-definitivas-de-no-admitidos-de-los-respectivos-centros-publicaci%25C3%25B3n-de-las-adjudicaciones-realizadas-por-los-servicios-pro\"><\/a><\/p>\n","protected":false},"excerpt":{"rendered":"<p>Vacantes adjudicadas por los Servicios Provinciales a&nbsp;los integrantes de las listas definitivas de no admitidos de los propios centros educativos Fecha de publicaci\u00f3n:&nbsp;Martes 28 de junio de 2022, a partir de las 18 h. Listas de adjudicaciones En el siguiente v\u00eddeo se muestra c\u00f3mo realizar su consulta telem\u00e1ticamente: V\u00eddeo consulta &#8230;<\/p>\n<p> <a class=\"continue-reading-link\" href=\"https:\/\/cpisanjorge.catedu.es\/?p=5547\"><span>Continue reading<\/span><i class=\"crycon-right-dir\"><\/i><\/a> <\/p>\n","protected":false},"author":580,"featured_media":0,"comment_status":"closed","ping_status":"open","sticky":false,"template":"","format":"standard","meta":{"_monsterinsights_skip_tracking":false,"_monsterinsights_sitenote_active":false,"_monsterinsights_sitenote_note":"","_monsterinsights_sitenote_category":0,"footnotes":""},"categories":[1],"tags":[],"class_list":["post-5547","post","type-post","status-publish","format-standard","hentry","category-sin-categoria"],"_links":{"self":[{"href":"https:\/\/cpisanjorge.catedu.es\/index.php?rest_route=\/wp\/v2\/posts\/5547","targetHints":{"allow":["GET"]}}],"collection":[{"href":"https:\/\/cpisanjorge.catedu.es\/index.php?rest_route=\/wp\/v2\/posts"}],"about":[{"href":"https:\/\/cpisanjorge.catedu.es\/index.php?rest_route=\/wp\/v2\/types\/post"}],"author":[{"embeddable":true,"href":"https:\/\/cpisanjorge.catedu.es\/index.php?rest_route=\/wp\/v2\/users\/580"}],"replies":[{"embeddable":true,"href":"https:\/\/cpisanjorge.catedu.es\/index.php?rest_route=%2Fwp%2Fv2%2Fcomments&post=5547"}],"version-history":[{"count":3,"href":"https:\/\/cpisanjorge.catedu.es\/index.php?rest_route=\/wp\/v2\/posts\/5547\/revisions"}],"predecessor-version":[{"id":5619,"href":"https:\/\/cpisanjorge.catedu.es\/index.php?rest_route=\/wp\/v2\/posts\/5547\/revisions\/5619"}],"wp:attachment":[{"href":"https:\/\/cpisanjorge.catedu.es\/index.php?rest_route=%2Fwp%2Fv2%2Fmedia&parent=5547"}],"wp:term":[{"taxonomy":"category","embeddable":true,"href":"https:\/\/cpisanjorge.catedu.es\/index.php?rest_route=%2Fwp%2Fv2%2Fcategories&post=5547"},{"taxonomy":"post_tag","embeddable":true,"href":"https:\/\/cpisanjorge.catedu.es\/index.php?rest_route=%2Fwp%2Fv2%2Ftags&post=5547"}],"curies":[{"name":"wp","href":"https:\/\/api.w.org\/{rel}","templated":true}]}}