{"id":4600,"date":"2021-12-06T18:58:45","date_gmt":"2021-12-06T18:58:45","guid":{"rendered":"http:\/\/cpisanjorge.catedu.es\/?p=4600"},"modified":"2021-12-08T20:48:11","modified_gmt":"2021-12-08T20:48:11","slug":"conocemos-los-ods-y-actuamos","status":"publish","type":"post","link":"https:\/\/cpisanjorge.catedu.es\/?p=4600","title":{"rendered":"Conocemos los ODS y \u00a1actuamos!"},"content":{"rendered":"\n<p>El pasado martes 30 de noviembre, parte del equipo de educaci\u00f3n f\u00edsica del centro asisti\u00f3 a la<strong> entrega de los premios Ex-ducere otorgados por el Ayuntamiento de Zaragoza<\/strong> a las buenas pr\u00e1cticas educativas de nuestra ciudad.&nbsp;<\/p>\n\n\n\n<div class=\"wp-block-image\"><figure class=\"aligncenter size-full is-resized\"><a href=\"https:\/\/cpisanjorge.catedu.es\/wp-content\/uploads\/sites\/169\/2021\/12\/premios-Ex-ducere.png\"><img loading=\"lazy\" decoding=\"async\" src=\"https:\/\/cpisanjorge.catedu.es\/wp-content\/uploads\/sites\/169\/2021\/12\/premios-Ex-ducere.png\" alt=\"\" class=\"wp-image-4602\" width=\"322\" height=\"295\" srcset=\"https:\/\/cpisanjorge.catedu.es\/wp-content\/uploads\/sites\/169\/2021\/12\/premios-Ex-ducere.png 701w, https:\/\/cpisanjorge.catedu.es\/wp-content\/uploads\/sites\/169\/2021\/12\/premios-Ex-ducere-300x275.png 300w, https:\/\/cpisanjorge.catedu.es\/wp-content\/uploads\/sites\/169\/2021\/12\/premios-Ex-ducere-150x138.png 150w\" sizes=\"auto, (max-width: 322px) 100vw, 322px\" \/><\/a><figcaption><a href=\"https:\/\/www.zaragoza.es\/sede\/servicio\/noticia\/306867\">Noticia completa<\/a><\/figcaption><\/figure><\/div>\n\n\n\n<p>El curso pasado, a pesar de las dificultades con las que nos encontramos, decidimos implicar a todo el centro en este bonito proyecto.<strong> Un proyecto globalizado con base en los Objetivos de Desarrollo Sostenible<\/strong> que nos ha permitido reflexionar sobre c\u00f3mo contribuir al desarrollo de los citados ODS no solo desde el \u00e1rea de educaci\u00f3n f\u00edsica sino tambi\u00e9n desde otras \u00e1reas educativas, implicando as\u00ed a todo el claustro de nuestro centro.&nbsp;<\/p>\n\n\n\n<p>Este proyecto surgi\u00f3, como decimos, desde el \u00e1rea de EF la cu\u00e1l consideramos como fundamental para el desarrollo integral de nuestro alumnado. Nuestra \u00e1rea da identidad al centro, impulsamos nuestro proyecto de Escuelas promotoras de salud ofreciendo diversas actividades l\u00fadico-deportivas en el d\u00eda a d\u00eda o en las diferentes celebraciones del centro como actos contra la violencia de g\u00e9nero, carreras solidarias, acciones de cuidado del medio ambiente, recreos divertidos o la fiesta dedicada a la salud. Durante el curso pasado quisimos dar un paso m\u00e1s e incorporar a nuestro proyecto deportivo de centro, el acercamiento a los Objetivos de desarrollo sostenible.&nbsp;<\/p>\n\n\n\n<div class=\"wp-block-image\"><figure class=\"aligncenter size-full\"><a href=\"https:\/\/cpisanjorge.catedu.es\/wp-content\/uploads\/sites\/169\/2021\/12\/Premios-Ex-ducere-1.png\"><img loading=\"lazy\" decoding=\"async\" width=\"364\" height=\"221\" src=\"https:\/\/cpisanjorge.catedu.es\/wp-content\/uploads\/sites\/169\/2021\/12\/Premios-Ex-ducere-1.png\" alt=\"\" class=\"wp-image-4614\" srcset=\"https:\/\/cpisanjorge.catedu.es\/wp-content\/uploads\/sites\/169\/2021\/12\/Premios-Ex-ducere-1.png 364w, https:\/\/cpisanjorge.catedu.es\/wp-content\/uploads\/sites\/169\/2021\/12\/Premios-Ex-ducere-1-300x182.png 300w, https:\/\/cpisanjorge.catedu.es\/wp-content\/uploads\/sites\/169\/2021\/12\/Premios-Ex-ducere-1-150x91.png 150w\" sizes=\"auto, (max-width: 364px) 100vw, 364px\" \/><\/a><figcaption><a href=\"https:\/\/drive.google.com\/file\/d\/1K737TmTWynG-J-eM7MAq1ic7R_ECK_rT\/view?usp=sharing\">Presentaci\u00f3n del proyecto<\/a><\/figcaption><\/figure><\/div>\n\n\n\n<p>Este reconocimiento nos anima a seguir trabajando y por ello durante este curso trabajamos para ampliar y seguir desarrollando nuevas l\u00edneas de trabajo que se hagan extensivas a toda nuestra comunidad educativa.&nbsp;<\/p>\n\n\n\n<p>El futuro est\u00e1 en manos de nuestra infancia y necesitamos que sean los protagonistas del cambio necesario que nuestro mundo necesita. La Agenda 2030 es la meta a nivel global y desde el CPI San Jorge valoramos que tenemos que continuar&nbsp; uni\u00e9ndonos&nbsp; a este compromiso, implicando a nuestro alumnado para que tome las riendas del cambio.&nbsp;<\/p>\n","protected":false},"excerpt":{"rendered":"<p>El pasado martes 30 de noviembre, parte del equipo de educaci\u00f3n f\u00edsica del centro asisti\u00f3 a la entrega de los premios Ex-ducere otorgados por el Ayuntamiento de Zaragoza a las buenas pr\u00e1cticas educativas de nuestra ciudad.&nbsp; El curso pasado, a pesar de las dificultades con las que nos encontramos, decidimos &#8230;<\/p>\n<p> <a class=\"continue-reading-link\" href=\"https:\/\/cpisanjorge.catedu.es\/?p=4600\"><span>Continue reading<\/span><i class=\"crycon-right-dir\"><\/i><\/a> <\/p>\n","protected":false},"author":580,"featured_media":0,"comment_status":"closed","ping_status":"open","sticky":false,"template":"","format":"standard","meta":{"_uag_custom_page_level_css":"","_monsterinsights_skip_tracking":false,"_monsterinsights_sitenote_active":false,"_monsterinsights_sitenote_note":"","_monsterinsights_sitenote_category":0,"footnotes":""},"categories":[7,8],"tags":[],"class_list":["post-4600","post","type-post","status-publish","format-standard","hentry","category-activ","category-noticias"],"uagb_featured_image_src":{"full":false,"thumbnail":false,"medium":false,"medium_large":false,"large":false,"1536x1536":false,"2048x2048":false,"post-thumbnail":false,"header":false,"slider":false,"columns":false,"custom":false},"uagb_author_info":{"display_name":"CPI SAN JORGE ZARAGOZA","author_link":"https:\/\/cpisanjorge.catedu.es\/?author=580"},"uagb_comment_info":0,"uagb_excerpt":"El pasado martes 30 de noviembre, parte del equipo de educaci\u00f3n f\u00edsica del centro asisti\u00f3 a la entrega de los premios Ex-ducere otorgados por el Ayuntamiento de Zaragoza a las buenas pr\u00e1cticas educativas de nuestra ciudad.&nbsp; El curso pasado, a pesar de las dificultades con las que nos encontramos, decidimos ... Continue reading","_links":{"self":[{"href":"https:\/\/cpisanjorge.catedu.es\/index.php?rest_route=\/wp\/v2\/posts\/4600","targetHints":{"allow":["GET"]}}],"collection":[{"href":"https:\/\/cpisanjorge.catedu.es\/index.php?rest_route=\/wp\/v2\/posts"}],"about":[{"href":"https:\/\/cpisanjorge.catedu.es\/index.php?rest_route=\/wp\/v2\/types\/post"}],"author":[{"embeddable":true,"href":"https:\/\/cpisanjorge.catedu.es\/index.php?rest_route=\/wp\/v2\/users\/580"}],"replies":[{"embeddable":true,"href":"https:\/\/cpisanjorge.catedu.es\/index.php?rest_route=%2Fwp%2Fv2%2Fcomments&post=4600"}],"version-history":[{"count":9,"href":"https:\/\/cpisanjorge.catedu.es\/index.php?rest_route=\/wp\/v2\/posts\/4600\/revisions"}],"predecessor-version":[{"id":4616,"href":"https:\/\/cpisanjorge.catedu.es\/index.php?rest_route=\/wp\/v2\/posts\/4600\/revisions\/4616"}],"wp:attachment":[{"href":"https:\/\/cpisanjorge.catedu.es\/index.php?rest_route=%2Fwp%2Fv2%2Fmedia&parent=4600"}],"wp:term":[{"taxonomy":"category","embeddable":true,"href":"https:\/\/cpisanjorge.catedu.es\/index.php?rest_route=%2Fwp%2Fv2%2Fcategories&post=4600"},{"taxonomy":"post_tag","embeddable":true,"href":"https:\/\/cpisanjorge.catedu.es\/index.php?rest_route=%2Fwp%2Fv2%2Ftags&post=4600"}],"curies":[{"name":"wp","href":"https:\/\/api.w.org\/{rel}","templated":true}]}}